
{"id":1090,"date":"2013-10-15T07:23:11","date_gmt":"2013-10-15T07:23:11","guid":{"rendered":"http:\/\/oms14.fr\/?p=1090"},"modified":"2013-10-15T08:06:55","modified_gmt":"2013-10-15T08:06:55","slug":"open-tennis-femina-sport","status":"publish","type":"post","link":"https:\/\/oms14.fr\/?p=1090","title":{"rendered":"OPEN TENNIS FEMINA SPORT"},"content":{"rendered":"<p>26 ao\u00fbt\/8 septembre 2013<\/p>\n<p><span style=\"color: #0000ff;\">Pour cette nouvelle \u00e9dition de l\u2019Open de tennis organis\u00e9 par F\u00e9mina Sport,\u00a0 475 participants se sont affront\u00e9s sur les courts du stade Elisabeth. Comme d\u2019habitude, les b\u00e9n\u00e9voles du club ont pr\u00eat\u00e9 main forte <a href=\"https:\/\/oms14.fr\/blog\/wp-content\/uploads\/2013\/10\/DSC_1286.jpg\"><img loading=\"lazy\" decoding=\"async\" class=\"alignright size-medium wp-image-1093\" alt=\"DSC_1286\" src=\"https:\/\/oms14.fr\/blog\/wp-content\/uploads\/2013\/10\/DSC_1286-300x201.jpg\" width=\"300\" height=\"201\" srcset=\"https:\/\/oms14.fr\/blog\/wp-content\/uploads\/2013\/10\/DSC_1286-300x201.jpg 300w, https:\/\/oms14.fr\/blog\/wp-content\/uploads\/2013\/10\/DSC_1286-1024x687.jpg 1024w, https:\/\/oms14.fr\/blog\/wp-content\/uploads\/2013\/10\/DSC_1286-624x418.jpg 624w\" sizes=\"auto, (max-width: 300px) 100vw, 300px\" \/><\/a>au juge arbitre pour le bon d\u00e9roulement de cette \u00e9preuve.<\/span><br \/>\n<span style=\"color: #0000ff;\">\u00a0<\/span><br \/>\n<span style=\"color: #0000ff;\">Entre les deux finales s\u00e9niors, les spectateurs ont pu assister \u00e0 une d\u00e9monstration de tennis en fauteuil. Les personnes valides qui ont \u00e9chang\u00e9 quelques balles en utilisant un fauteuil, ont pu constater la difficult\u00e9 et le r\u00e9el apprentissage que cela demandait.<\/span><br \/>\nR\u00e9sultats<br \/>\n<span style=\"text-decoration: underline;\">Dames\u00a0<\/span>: BEUGRE GUYOT Martine (st Germain)\u00a0\u00a0 bat GERVAIS Magalie (US Orl\u00e9ans) -15\u00a0\u00a0 4\/6 7\/5 <a href=\"https:\/\/oms14.fr\/blog\/wp-content\/uploads\/2013\/10\/DSC_1286.jpg\"><br \/>\n<\/a>abandon<br \/>\n<span style=\"text-decoration: underline;\">Hommes\u00a0:<\/span> SICARD Bertrand (US Fontenay) -30 bat MATHIEU (ASPTT Metz) -15 6\/4 6\/0<br \/>\n<span style=\"text-decoration: underline;\">45 ans dames\u00a0<\/span>: LUSSAUT Pierrette (Actuel 15) 15\/5\u00a0 bat AGHAYE GHAZVINI Nahid (F\u00e9mina Sport) 15\/5 6\/1 6\/1<br \/>\n<span style=\"text-decoration: underline;\">35 ans hommes\u00a0<\/span>: BAECHELEN Fr\u00e9d\u00e9ric (TC Lut\u00e8ce) 15 bat KOMO Sylvain (FFT Etranger) 6\/4 6\/1<br \/>\n<span style=\"text-decoration: underline;\">45 ans hommes\u00a0<\/span>: WOLKOWICZ Ppierre (TC Amiot) 15\/2 bat LOLLIA J.Pierre (Levallois) 15\/2 6\/3 3\/6 6\/1<br \/>\n<span style=\"text-decoration: underline;\">13\/14 ans filles\u00a0<\/span>: MAI Martina (TC16) 15\/4 bat DEMBELE Nina (TC Beauvoir) 15\/5 6\/1 6\/0<br \/>\n<span style=\"text-decoration: underline;\">13\/14 ans gar\u00e7ons\u00a0<\/span>: BAH Sofiane (Courcouronnes) 15\/2 bat TIXIER Benjamin (TC 16) 15\/1 6\/2 6\/4<a href=\"https:\/\/oms14.fr\/blog\/wp-content\/uploads\/2013\/10\/DSC_1302.jpg\"><img loading=\"lazy\" decoding=\"async\" class=\"alignright size-medium wp-image-1095\" alt=\"DSC_1302\" src=\"https:\/\/oms14.fr\/blog\/wp-content\/uploads\/2013\/10\/DSC_1302-300x189.jpg\" width=\"300\" height=\"189\" srcset=\"https:\/\/oms14.fr\/blog\/wp-content\/uploads\/2013\/10\/DSC_1302-300x189.jpg 300w, https:\/\/oms14.fr\/blog\/wp-content\/uploads\/2013\/10\/DSC_1302-1024x647.jpg 1024w, https:\/\/oms14.fr\/blog\/wp-content\/uploads\/2013\/10\/DSC_1302-624x394.jpg 624w\" sizes=\"auto, (max-width: 300px) 100vw, 300px\" \/><\/a><a href=\"https:\/\/oms14.fr\/blog\/wp-content\/uploads\/2013\/10\/DSC_1295.jpg\"><img loading=\"lazy\" decoding=\"async\" class=\"alignright size-medium wp-image-1094\" alt=\"DSC_1295\" src=\"https:\/\/oms14.fr\/blog\/wp-content\/uploads\/2013\/10\/DSC_1295-300x203.jpg\" width=\"300\" height=\"203\" srcset=\"https:\/\/oms14.fr\/blog\/wp-content\/uploads\/2013\/10\/DSC_1295-300x203.jpg 300w, https:\/\/oms14.fr\/blog\/wp-content\/uploads\/2013\/10\/DSC_1295-1024x693.jpg 1024w, https:\/\/oms14.fr\/blog\/wp-content\/uploads\/2013\/10\/DSC_1295-624x422.jpg 624w\" sizes=\"auto, (max-width: 300px) 100vw, 300px\" \/><\/a><\/p>\n","protected":false},"excerpt":{"rendered":"<p>26 ao\u00fbt\/8 septembre 2013 Pour cette nouvelle \u00e9dition de l\u2019Open de tennis organis\u00e9 par F\u00e9mina Sport,\u00a0 475 participants se sont affront\u00e9s sur les courts du stade Elisabeth. Comme d\u2019habitude, les b\u00e9n\u00e9voles du club ont pr\u00eat\u00e9 main forte au juge arbitre<\/p>\n","protected":false},"author":3,"featured_media":0,"comment_status":"open","ping_status":"open","sticky":false,"template":"","format":"standard","meta":{"footnotes":""},"categories":[1],"tags":[],"class_list":["post-1090","post","type-post","status-publish","format-standard","hentry","category-oms14"],"_links":{"self":[{"href":"https:\/\/oms14.fr\/index.php?rest_route=\/wp\/v2\/posts\/1090","targetHints":{"allow":["GET"]}}],"collection":[{"href":"https:\/\/oms14.fr\/index.php?rest_route=\/wp\/v2\/posts"}],"about":[{"href":"https:\/\/oms14.fr\/index.php?rest_route=\/wp\/v2\/types\/post"}],"author":[{"embeddable":true,"href":"https:\/\/oms14.fr\/index.php?rest_route=\/wp\/v2\/users\/3"}],"replies":[{"embeddable":true,"href":"https:\/\/oms14.fr\/index.php?rest_route=%2Fwp%2Fv2%2Fcomments&post=1090"}],"version-history":[{"count":3,"href":"https:\/\/oms14.fr\/index.php?rest_route=\/wp\/v2\/posts\/1090\/revisions"}],"predecessor-version":[{"id":1092,"href":"https:\/\/oms14.fr\/index.php?rest_route=\/wp\/v2\/posts\/1090\/revisions\/1092"}],"wp:attachment":[{"href":"https:\/\/oms14.fr\/index.php?rest_route=%2Fwp%2Fv2%2Fmedia&parent=1090"}],"wp:term":[{"taxonomy":"category","embeddable":true,"href":"https:\/\/oms14.fr\/index.php?rest_route=%2Fwp%2Fv2%2Fcategories&post=1090"},{"taxonomy":"post_tag","embeddable":true,"href":"https:\/\/oms14.fr\/index.php?rest_route=%2Fwp%2Fv2%2Ftags&post=1090"}],"curies":[{"name":"wp","href":"https:\/\/api.w.org\/{rel}","templated":true}]}}