
{"id":3876,"date":"2018-06-03T06:19:21","date_gmt":"2018-06-03T06:19:21","guid":{"rendered":"http:\/\/oms14.fr\/?p=3876"},"modified":"2018-06-03T07:14:51","modified_gmt":"2018-06-03T07:14:51","slug":"en-avant-de-paris-3","status":"publish","type":"post","link":"https:\/\/oms14.fr\/?p=3876","title":{"rendered":"EN AVANT DE PARIS"},"content":{"rendered":"<div id=\"m_5476047727486422235AppleMailSignature\"><a href=\"https:\/\/oms14.fr\/blog\/wp-content\/uploads\/2018\/06\/En-avant-Pascal.png\"><img loading=\"lazy\" decoding=\"async\" class=\"alignleft size-thumbnail wp-image-3878\" alt=\"En avant Pascal\" src=\"https:\/\/oms14.fr\/blog\/wp-content\/uploads\/2018\/06\/En-avant-Pascal-150x150.png\" width=\"150\" height=\"150\" \/><\/a>Pour faire le point sur les qualifications en Championnat de France des gymnastes d&rsquo;En Avant de Paris:<\/div>\n<div id=\"m_5476047727486422235AppleMailSignature\">3 qualifi\u00e9s en Championnat de France Individuels:<\/div>\n<div id=\"m_5476047727486422235AppleMailSignature\">1 fille en 17 ans National A<\/div>\n<div id=\"m_5476047727486422235AppleMailSignature\">1 gar\u00e7on en 12 ans National A<\/div>\n<div id=\"m_5476047727486422235AppleMailSignature\">1 gar\u00e7on en 14 ans National A<\/div>\n<div id=\"m_5476047727486422235AppleMailSignature\"><\/div>\n<div id=\"m_5476047727486422235AppleMailSignature\">6 \u00e9quipes qualifi\u00e9es en Championnat de France de leur cat\u00e9gorie :<\/div>\n<div id=\"m_5476047727486422235AppleMailSignature\"><\/div>\n<div id=\"m_5476047727486422235AppleMailSignature\">&#8211; 2 \u00e9quipes f\u00e9minine de Team Gym<\/div>\n<div id=\"m_5476047727486422235AppleMailSignature\">&#8211; 1 \u00e9quipe gar\u00e7ons 10 ans et + en Troph\u00e9e F\u00e9d\u00e9ral ( 5 gymnastes) arriv\u00e9e 4eme en equipe &#8211; 1 des gymnastes Jean-Paul Florus s&rsquo;est class\u00e9 3eme en score Individuel<\/div>\n<div id=\"m_5476047727486422235AppleMailSignature\">&#8211; 1 equipe garcons 12 ans et + en National A Championnat de France<\/div>\n<div id=\"m_5476047727486422235AppleMailSignature\">&#8211; 1 equipe f\u00e9minine 12-15 ans Championnat de France<\/div>\n<div id=\"m_5476047727486422235AppleMailSignature\">&#8211; 1 equipe 10-15 ans Championnat de France<\/div>\n","protected":false},"excerpt":{"rendered":"<p>Pour faire le point sur les qualifications en Championnat de France des gymnastes d&rsquo;En Avant de Paris: 3 qualifi\u00e9s en Championnat de France Individuels: 1 fille en 17 ans National A 1 gar\u00e7on en 12 ans National A 1 gar\u00e7on<\/p>\n","protected":false},"author":3,"featured_media":0,"comment_status":"closed","ping_status":"closed","sticky":false,"template":"","format":"standard","meta":{"footnotes":""},"categories":[1],"tags":[],"class_list":["post-3876","post","type-post","status-publish","format-standard","hentry","category-oms14"],"_links":{"self":[{"href":"https:\/\/oms14.fr\/index.php?rest_route=\/wp\/v2\/posts\/3876","targetHints":{"allow":["GET"]}}],"collection":[{"href":"https:\/\/oms14.fr\/index.php?rest_route=\/wp\/v2\/posts"}],"about":[{"href":"https:\/\/oms14.fr\/index.php?rest_route=\/wp\/v2\/types\/post"}],"author":[{"embeddable":true,"href":"https:\/\/oms14.fr\/index.php?rest_route=\/wp\/v2\/users\/3"}],"replies":[{"embeddable":true,"href":"https:\/\/oms14.fr\/index.php?rest_route=%2Fwp%2Fv2%2Fcomments&post=3876"}],"version-history":[{"count":1,"href":"https:\/\/oms14.fr\/index.php?rest_route=\/wp\/v2\/posts\/3876\/revisions"}],"predecessor-version":[{"id":3879,"href":"https:\/\/oms14.fr\/index.php?rest_route=\/wp\/v2\/posts\/3876\/revisions\/3879"}],"wp:attachment":[{"href":"https:\/\/oms14.fr\/index.php?rest_route=%2Fwp%2Fv2%2Fmedia&parent=3876"}],"wp:term":[{"taxonomy":"category","embeddable":true,"href":"https:\/\/oms14.fr\/index.php?rest_route=%2Fwp%2Fv2%2Fcategories&post=3876"},{"taxonomy":"post_tag","embeddable":true,"href":"https:\/\/oms14.fr\/index.php?rest_route=%2Fwp%2Fv2%2Ftags&post=3876"}],"curies":[{"name":"wp","href":"https:\/\/api.w.org\/{rel}","templated":true}]}}