
{"id":4272,"date":"2018-12-02T08:53:25","date_gmt":"2018-12-02T08:53:25","guid":{"rendered":"http:\/\/oms14.fr\/?p=4272"},"modified":"2018-12-03T15:08:18","modified_gmt":"2018-12-03T15:08:18","slug":"4272","status":"publish","type":"post","link":"https:\/\/oms14.fr\/?p=4272","title":{"rendered":""},"content":{"rendered":"<p><a href=\"https:\/\/oms14.fr\/blog\/wp-content\/uploads\/2018\/12\/DSC_2411.jpg\"><img loading=\"lazy\" decoding=\"async\" class=\"alignnone size-medium wp-image-4274\" alt=\"DSC_2411\" src=\"https:\/\/oms14.fr\/blog\/wp-content\/uploads\/2018\/12\/DSC_2411-300x201.jpg\" width=\"300\" height=\"201\" srcset=\"https:\/\/oms14.fr\/blog\/wp-content\/uploads\/2018\/12\/DSC_2411-300x201.jpg 300w, https:\/\/oms14.fr\/blog\/wp-content\/uploads\/2018\/12\/DSC_2411-1024x687.jpg 1024w, https:\/\/oms14.fr\/blog\/wp-content\/uploads\/2018\/12\/DSC_2411-624x418.jpg 624w\" sizes=\"auto, (max-width: 300px) 100vw, 300px\" \/><\/a><a href=\"https:\/\/oms14.fr\/blog\/wp-content\/uploads\/2018\/12\/DSC_0353.jpg\"><img loading=\"lazy\" decoding=\"async\" class=\"alignright size-medium wp-image-4275\" alt=\"DSC_0353\" src=\"https:\/\/oms14.fr\/blog\/wp-content\/uploads\/2018\/12\/DSC_0353-300x201.jpg\" width=\"300\" height=\"201\" srcset=\"https:\/\/oms14.fr\/blog\/wp-content\/uploads\/2018\/12\/DSC_0353-300x201.jpg 300w, https:\/\/oms14.fr\/blog\/wp-content\/uploads\/2018\/12\/DSC_0353-1024x687.jpg 1024w, https:\/\/oms14.fr\/blog\/wp-content\/uploads\/2018\/12\/DSC_0353-624x418.jpg 624w\" sizes=\"auto, (max-width: 300px) 100vw, 300px\" \/><\/a> <span style=\"color: #0000ff;\">M\u00e9daille d&rsquo;or jeunesse et sport<\/span><\/p>\n<h1><span style=\"color: #0000ff;\"> Bravo RAYMOND \u00a0<\/span><\/h1>\n<p><span style=\"color: #000000; font-family: Calibri;\">Avec pr\u00e8s de 55 ans de b\u00e9n\u00e9volat au service du sport \u00e0 son actif, on ne pouvait que s\u2019\u00e9tonner que Raymond MARGNOUX n\u2019ait pas encore re\u00e7u la m\u00e9daille d\u2019or de la jeunesse, du sport et de l\u2019engagement associatif.<\/span><\/p>\n<p><span style=\"color: #000000; font-family: Calibri;\">C\u2019est aujourd\u2019hui enfin une r\u00e9alit\u00e9<\/span><\/p>\n<p><span style=\"color: #000000; font-family: Calibri;\">N\u2019en d\u00e9plaise \u00e0 sa modestie.<\/span><\/p>\n<p><span style=\"color: #000000; font-family: Calibri;\">A travers lui c\u2019est l\u2019OMS 14, dont il est un membre historique du Comit\u00e9 Directeur, qui est \u00e9galement honor\u00e9.<\/span><\/p>\n<p><span style=\"color: #000000;\"><span style=\"font-family: Calibri;\">Acteur \u00e9minent du d\u00e9veloppement du sport cycliste, dans le 14<sup>\u00e8me<\/sup><\/span><span style=\"font-family: Calibri;\"> d\u2019abord, avant d\u2019assurer pendant longtemps la pr\u00e9sidence du Paris Cycliste Olympique , le plus grand club de la capitale, \u00a0il est depuis trente ans le maitre d\u2019oeuvre du prix annuel de l\u2019OMS, seule course cycliste subsistant encore \u00e0 Paris, qu\u2019il a lanc\u00e9 pour le plus grand plaisir de chacun d\u2019entre nous. \u00a0<\/span><\/span><\/p>\n<p><span style=\"color: #000000; font-family: Calibri;\">Qu\u2019il en soit plus particuli\u00e8rement remerci\u00e9\u00a0!<\/span><\/p>\n<p><span style=\"color: #000000; font-family: Calibri;\">Toutes nos f\u00e9licitations \u00e0 lui pour cette d\u00e9coration plus que m\u00e9rit\u00e9e <\/span><\/p>\n<p><a href=\"https:\/\/oms14.fr\/blog\/wp-content\/uploads\/2018\/12\/DSC_1646.jpg\"><img loading=\"lazy\" decoding=\"async\" class=\"aligncenter size-medium wp-image-4278\" alt=\"DSC_1646\" src=\"https:\/\/oms14.fr\/blog\/wp-content\/uploads\/2018\/12\/DSC_1646-300x201.jpg\" width=\"300\" height=\"201\" srcset=\"https:\/\/oms14.fr\/blog\/wp-content\/uploads\/2018\/12\/DSC_1646-300x201.jpg 300w, https:\/\/oms14.fr\/blog\/wp-content\/uploads\/2018\/12\/DSC_1646-1024x687.jpg 1024w, https:\/\/oms14.fr\/blog\/wp-content\/uploads\/2018\/12\/DSC_1646-624x418.jpg 624w\" sizes=\"auto, (max-width: 300px) 100vw, 300px\" \/><\/a><\/p>\n","protected":false},"excerpt":{"rendered":"<p>M\u00e9daille d&rsquo;or jeunesse et sport Bravo RAYMOND \u00a0 Avec pr\u00e8s de 55 ans de b\u00e9n\u00e9volat au service du sport \u00e0 son actif, on ne pouvait que s\u2019\u00e9tonner que Raymond MARGNOUX n\u2019ait pas encore re\u00e7u la m\u00e9daille d\u2019or de la jeunesse,<\/p>\n","protected":false},"author":3,"featured_media":0,"comment_status":"closed","ping_status":"closed","sticky":false,"template":"","format":"standard","meta":{"footnotes":""},"categories":[1],"tags":[],"class_list":["post-4272","post","type-post","status-publish","format-standard","hentry","category-oms14"],"_links":{"self":[{"href":"https:\/\/oms14.fr\/index.php?rest_route=\/wp\/v2\/posts\/4272","targetHints":{"allow":["GET"]}}],"collection":[{"href":"https:\/\/oms14.fr\/index.php?rest_route=\/wp\/v2\/posts"}],"about":[{"href":"https:\/\/oms14.fr\/index.php?rest_route=\/wp\/v2\/types\/post"}],"author":[{"embeddable":true,"href":"https:\/\/oms14.fr\/index.php?rest_route=\/wp\/v2\/users\/3"}],"replies":[{"embeddable":true,"href":"https:\/\/oms14.fr\/index.php?rest_route=%2Fwp%2Fv2%2Fcomments&post=4272"}],"version-history":[{"count":5,"href":"https:\/\/oms14.fr\/index.php?rest_route=\/wp\/v2\/posts\/4272\/revisions"}],"predecessor-version":[{"id":4282,"href":"https:\/\/oms14.fr\/index.php?rest_route=\/wp\/v2\/posts\/4272\/revisions\/4282"}],"wp:attachment":[{"href":"https:\/\/oms14.fr\/index.php?rest_route=%2Fwp%2Fv2%2Fmedia&parent=4272"}],"wp:term":[{"taxonomy":"category","embeddable":true,"href":"https:\/\/oms14.fr\/index.php?rest_route=%2Fwp%2Fv2%2Fcategories&post=4272"},{"taxonomy":"post_tag","embeddable":true,"href":"https:\/\/oms14.fr\/index.php?rest_route=%2Fwp%2Fv2%2Ftags&post=4272"}],"curies":[{"name":"wp","href":"https:\/\/api.w.org\/{rel}","templated":true}]}}