
{"id":6746,"date":"2020-12-07T10:04:34","date_gmt":"2020-12-07T09:04:34","guid":{"rendered":"http:\/\/oms14.fr\/?p=6746"},"modified":"2020-12-07T10:04:35","modified_gmt":"2020-12-07T09:04:35","slug":"information","status":"publish","type":"post","link":"https:\/\/oms14.fr\/?p=6746","title":{"rendered":"INFORMATION"},"content":{"rendered":"\n<p><strong>MESSAGE AUX SPORTIFS DU 14\u00e8me<\/strong><\/p>\n\n\n\n<p>Nous sommes bien entendu\nconscients de la n\u00e9cessit\u00e9 de mettre en place des mesures de pr\u00e9caution pour\nenrayer la propagation du virus&nbsp;et pour cela avaient \u00e9t\u00e9 \u00e9tablis, sous\nl\u2019\u00e9gide de nos f\u00e9d\u00e9rations &#8211; en esp\u00e9rant qu\u2019il en serait mieux tenu compte &#8211; des\nprotocoles rigoureux d\u2019encadrement, &nbsp;auxquels avaient naturellement adh\u00e9r\u00e9 l\u2019ensemble\nde nos membres <\/p>\n\n\n\n<p>Mais, comme eux, les clubs\nsouffrent des lourdes restrictions impos\u00e9es \u00e0 leur activit\u00e9.<\/p>\n\n\n\n<p>Nous avions tous vraiment cru en\nseptembre que le plus dur \u00e9tait pass\u00e9 et que la nouvelle saison pourrait\nred\u00e9marrer sur des bases normales.<\/p>\n\n\n\n<p>La r\u00e9introduction du confinement\nd\u00e9but novembre a donc \u00e9t\u00e9 ressentie par tous comme une v\u00e9ritable frustration.<\/p>\n\n\n\n<p>Les clubs ont renforc\u00e9 leur\ncommunication et mis en \u0153uvre des interventions \u00e0 distance, pour les\ndisciplines o\u00f9 celles-ci \u00e9taient possibles, mais cela ne remplace pas bien s\u00fbr\nle contact direct et l\u2019on est malheureusement loin du climat de partage, \u00e0 la\nbase de l\u2019esprit sportif.<\/p>\n\n\n\n<p>On sait aussi depuis longtemps combien\nla pratique r\u00e9guli\u00e8re d\u2019un sport est importante pour &nbsp;la sant\u00e9 et le bon \u00e9quilibre et cela devient\nplus vrai encore dans notre contexte parisien, vue &nbsp;la mont\u00e9e du stress &nbsp;et la quasi absence&nbsp; d\u2019autres activit\u00e9s physiques. <\/p>\n\n\n\n<p>Nous avons r\u00e9clam\u00e9 \u00e0\ngrands cris la r\u00e9ouverture des enceintes sportives en insistant, avec notre mairie,\nsur la priorit\u00e9 \u00e0 donner \u00e0 la formation des plus jeunes.<\/p>\n\n\n\n<p>Nous sommes heureux que vienne\nde leur \u00eatre ouverte la possibilit\u00e9 de suivre des cours en ext\u00e9rieur. Mais ceci\nest encore tr\u00e8s insuffisant et nous ne pouvons qu\u2019esp\u00e9rer que seront bien\nconfirm\u00e9s l\u2019extension pour eux de l\u2019acc\u00e8s aux installations couvertes pr\u00e9vue le\n15 d\u00e9cembre et plus encore le red\u00e9marrage global annonc\u00e9 pour tous le 20\njanvier prochain. Restera n\u00e9anmoins alors &nbsp;\u00e0 pouvoir utiliser les installations sportives\njusqu\u2019au d\u00e9part du couvre-feu de 21h, si nous voulons vraiment \u00eatre en capacit\u00e9\nd\u2019y accueillir les adultes.<\/p>\n\n\n\n<p>Nous explorons pas\nailleurs, avec les directions sp\u00e9cialis\u00e9es de la Ville, toutes les solutions de\nrechange et de rattrapage \u00e9ventuel&nbsp;: utilisation des espaces libres dans\nles stades, dans les squares et parcs, ou les \u00e9coles\u2026 et extension des interventions\ndes clubs, en englobant notamment les vacances scolaires. <\/p>\n\n\n\n<p>Il est cependant bien\ndifficile de conna\u00eetre&nbsp; d\u00e8s aujourd\u2019hui\navec pr\u00e9cision de quoi sera faite la saison et les clubs ne peuvent que\ndemander \u00e0 leurs membres de prendre en compte tout ce qu\u2019ils leur ont apport\u00e9 et\nleur apporteront. <\/p>\n\n\n\n<p>La situation de chaque\nclub ne peut en tout cas s\u2019appr\u00e9cier qu\u2019individuellement, sachant que certains\nont d\u00e9cid\u00e9 tout simplement d\u2019arr\u00eater et que la situation de beaucoup est\npr\u00e9caire, malgr\u00e9 le soutien particulier donn\u00e9 par la Ville aux clubs b\u00e9n\u00e9ficiant\nr\u00e9guli\u00e8rement de subventions &#8211; ce dont nous la remercions, en esp\u00e9rant qu\u2019une\naide diff\u00e9rente sera \u00e9galement donn\u00e9e aux autres et en priorit\u00e9 \u00e0 ceux qui continuent\n\u00e0 payer des loyers.<\/p>\n\n\n\n<p>Le 14\u00e8me est au plan\nsportif aux tous premiers rangs de la capitale avec des clubs qui participent\n\u00e9troitement \u00e0 la vie et l\u2019animation de leur quartier et le bon \u00e9quilibre de\nchacun de ses habitants est en question.<\/p>\n\n\n\n<p>Faisons tout pour les\nsoutenir car leur avenir est pour tous essentiel. <\/p>\n\n\n\n<p>Nous savons pouvoir\ncompter sur votre solidarit\u00e9 <\/p>\n\n\n\n<p>L\u2019OMS\n14<\/p>\n","protected":false},"excerpt":{"rendered":"<p>MESSAGE AUX SPORTIFS DU 14\u00e8me Nous sommes bien entendu conscients de la n\u00e9cessit\u00e9 de mettre en place des mesures de pr\u00e9caution pour enrayer la propagation du virus&nbsp;et pour cela avaient \u00e9t\u00e9 \u00e9tablis, sous l\u2019\u00e9gide de nos f\u00e9d\u00e9rations &#8211; en esp\u00e9rant<\/p>\n","protected":false},"author":1,"featured_media":0,"comment_status":"closed","ping_status":"closed","sticky":false,"template":"","format":"standard","meta":{"footnotes":""},"categories":[1],"tags":[],"class_list":["post-6746","post","type-post","status-publish","format-standard","hentry","category-oms14"],"_links":{"self":[{"href":"https:\/\/oms14.fr\/index.php?rest_route=\/wp\/v2\/posts\/6746","targetHints":{"allow":["GET"]}}],"collection":[{"href":"https:\/\/oms14.fr\/index.php?rest_route=\/wp\/v2\/posts"}],"about":[{"href":"https:\/\/oms14.fr\/index.php?rest_route=\/wp\/v2\/types\/post"}],"author":[{"embeddable":true,"href":"https:\/\/oms14.fr\/index.php?rest_route=\/wp\/v2\/users\/1"}],"replies":[{"embeddable":true,"href":"https:\/\/oms14.fr\/index.php?rest_route=%2Fwp%2Fv2%2Fcomments&post=6746"}],"version-history":[{"count":1,"href":"https:\/\/oms14.fr\/index.php?rest_route=\/wp\/v2\/posts\/6746\/revisions"}],"predecessor-version":[{"id":6747,"href":"https:\/\/oms14.fr\/index.php?rest_route=\/wp\/v2\/posts\/6746\/revisions\/6747"}],"wp:attachment":[{"href":"https:\/\/oms14.fr\/index.php?rest_route=%2Fwp%2Fv2%2Fmedia&parent=6746"}],"wp:term":[{"taxonomy":"category","embeddable":true,"href":"https:\/\/oms14.fr\/index.php?rest_route=%2Fwp%2Fv2%2Fcategories&post=6746"},{"taxonomy":"post_tag","embeddable":true,"href":"https:\/\/oms14.fr\/index.php?rest_route=%2Fwp%2Fv2%2Ftags&post=6746"}],"curies":[{"name":"wp","href":"https:\/\/api.w.org\/{rel}","templated":true}]}}