
{"id":6886,"date":"2021-04-01T13:37:38","date_gmt":"2021-04-01T11:37:38","guid":{"rendered":"http:\/\/oms14.fr\/?p=6886"},"modified":"2021-04-01T13:40:34","modified_gmt":"2021-04-01T11:40:34","slug":"6886","status":"publish","type":"post","link":"https:\/\/oms14.fr\/?p=6886","title":{"rendered":""},"content":{"rendered":"\n<p>Chers amis,<\/p>\n\n\n\n<p>&nbsp;Malgr\u00e9 nos espoirs, la situation h\u00e9las n\u2019\u00e9volue gu\u00e8re et l\u2019horizon s\u2019assombrit chaque jour pour chacun de nos clubs.&nbsp;<\/p>\n\n\n\n<p>Nous discutons r\u00e9guli\u00e8rement avec nombre d\u2019entre vous et avons activement particip\u00e9&nbsp; aux \u00e9changes, que nous savons gr\u00e9 \u00e0 la Mairie du 14 d\u2019avoir organis\u00e9s, mais il&nbsp;nous faut aller plus loin.<\/p>\n\n\n\n<p>Nous n\u2019avons pas une mentalit\u00e9 d\u2019assist\u00e9s et faisons, malgr\u00e9 les difficult\u00e9s, tout ce que nous pouvons pour conserver une forme d\u2019activit\u00e9 &nbsp;et soutenir la vitalit\u00e9 sportive de notre arrondissement, &nbsp;mais nous aimerions clairement \u00eatre mieux \u00e9cout\u00e9s et quelque part mieux soutenus.<\/p>\n\n\n\n<p>Avec le Comit\u00e9 des OMS de Paris nous avons \u00e9labor\u00e9 ce questionnaire plut\u00f4t complet (un peu trop peut-\u00eatre mais vous n\u2019\u00eates pas oblig\u00e9s de r\u00e9pondre \u00e0 chacune des questions pos\u00e9es, m\u00eame si elles ont toutes leur raison d&rsquo;\u00eatre) pour mieux comprendre les r\u00e9alit\u00e9s de chacun et faire en sorte qu\u2019elles soient prises &nbsp;en compte et que leurs soient trouv\u00e9es des r\u00e9ponses qui tardent \u00e0 venir.<\/p>\n\n\n\n<p>&nbsp;Le Bureau du COMS a eu un long entretien avec l\u2019\u00e9quipe des responsables sportifs de la Mairie Centrale et convenu avec elle de se revoir pour d\u00e9battre de fa\u00e7on plus circonstanci\u00e9e de la situation collective, comme des difficult\u00e9s de chacun.<\/p>\n\n\n\n<p>&nbsp;Ce questionnaire, qui sera automatiquement d\u00e9pouill\u00e9, mais restera individuellement confidentiel, n\u2019a pas d&rsquo;autre vocation que d\u2019aider \u00e0&nbsp; la perception des probl\u00e8mes rencontr\u00e9s et de contribuer \u00e0 ce que soit trouv\u00e9e une r\u00e9ponse appropri\u00e9e pour assister ceux qui en ont le plus besoin.<\/p>\n\n\n\n<p>&nbsp;Dans le 14<sup>\u00e8me<\/sup>&nbsp;&nbsp;notre Mairie envisageait pour sa part de tenir en juin prochain, avec le soutien du plus grand nombre de clubs, &nbsp;un \u00ab&nbsp;Printemps du sport\u00bb, qui se tiendra tour \u00e0 tour dans des quartiers diff\u00e9rents, chacun des quatre dimanches du mois. Cette manifestation reposera, comme nous en avons l\u2019habitude, sur l\u2019organisation &nbsp;de 14 \u00e0 17h de d\u00e9monstrations sportives sur l\u2019espace public, qui t\u00e9moigneront de la diversit\u00e9 de l\u2019offre des clubs et du tr\u00e8s bon niveau de leurs comp\u00e9tences. Celles-ci seront appuy\u00e9s par une op\u00e9ration porte ouverte dans les enceintes sportives les plus proches.&nbsp;<\/p>\n\n\n\n<p>La DJS s\u2019est d\u00e9clar\u00e9e pr\u00eate \u00e0 en assurer le soutien logistique et notre Mairie prendra en charge les frais li\u00e9s et les d\u00e9penses de communication, l\u2019OMS 14 pr\u00e9parant quant \u00e0 elle, pour diffusion aux spectateurs, son d\u00e9pliant habituel, qui reprendra par disciplines les coordonn\u00e9es des clubs participants.<\/p>\n\n\n\n<p>Compte tenu de l&rsquo;extr\u00eame int\u00e9r\u00eat d\u2019un tel \u00e9v\u00e8nement pour donner un \u00e9lan tant attendu et relancer enfin nos activit\u00e9s, nous ne pouvons qu\u2019esp\u00e9rer que rien ne viendra y faire obstacle et comptons vivement sur votre participation.&nbsp;<\/p>\n\n\n\n<p>D\u2019autres arrondissements partageant la volont\u00e9 de r\u00e9aliser une op\u00e9ration similaire, celle-ci a \u00e9t\u00e9 int\u00e9gr\u00e9e au questionnaire.<\/p>\n\n\n\n<p>Nous vous serions gr\u00e9 de prendre le quart d\u2019heure n\u00e9cessaire pour r\u00e9pondre \u00e0 ce questionnaire, dont vous trouverez le lien ci-dessous, et de &nbsp;l\u2019exp\u00e9dier au plus tard d\u2019ici la fin de la semaine prochaine, compte tenu des d\u00e9lais n\u00e9cessaires pour finaliser l\u2019organisation du \u00ab\u00a0Printemps du sport \u00ab\u00a0<\/p>\n\n\n\n<p>Merci d&rsquo;avance&nbsp;<\/p>\n\n\n\n<p>Bien amicalement<\/p>\n\n\n\n<p>Fran\u00e7ois DENIS<\/p>\n\n\n\n<p>Pr\u00e9sident de l\u2019OMS 14<\/p>\n\n\n\n<p>Lien questionnaire :<\/p>\n\n\n\n<p><a href=\"https:\/\/forms.gle\/GHBwfSkgMrLLgkRR9\">https:\/\/forms.gle\/GHBwfSkgMrLLgkRR9<\/a><\/p>\n\n\n\n<p><\/p>\n","protected":false},"excerpt":{"rendered":"<p>Chers amis, &nbsp;Malgr\u00e9 nos espoirs, la situation h\u00e9las n\u2019\u00e9volue gu\u00e8re et l\u2019horizon s\u2019assombrit chaque jour pour chacun de nos clubs.&nbsp; Nous discutons r\u00e9guli\u00e8rement avec nombre d\u2019entre vous et avons activement particip\u00e9&nbsp; aux \u00e9changes, que nous savons gr\u00e9 \u00e0 la Mairie<\/p>\n","protected":false},"author":1,"featured_media":0,"comment_status":"closed","ping_status":"closed","sticky":false,"template":"","format":"standard","meta":{"footnotes":""},"categories":[1],"tags":[],"class_list":["post-6886","post","type-post","status-publish","format-standard","hentry","category-oms14"],"_links":{"self":[{"href":"https:\/\/oms14.fr\/index.php?rest_route=\/wp\/v2\/posts\/6886","targetHints":{"allow":["GET"]}}],"collection":[{"href":"https:\/\/oms14.fr\/index.php?rest_route=\/wp\/v2\/posts"}],"about":[{"href":"https:\/\/oms14.fr\/index.php?rest_route=\/wp\/v2\/types\/post"}],"author":[{"embeddable":true,"href":"https:\/\/oms14.fr\/index.php?rest_route=\/wp\/v2\/users\/1"}],"replies":[{"embeddable":true,"href":"https:\/\/oms14.fr\/index.php?rest_route=%2Fwp%2Fv2%2Fcomments&post=6886"}],"version-history":[{"count":3,"href":"https:\/\/oms14.fr\/index.php?rest_route=\/wp\/v2\/posts\/6886\/revisions"}],"predecessor-version":[{"id":6891,"href":"https:\/\/oms14.fr\/index.php?rest_route=\/wp\/v2\/posts\/6886\/revisions\/6891"}],"wp:attachment":[{"href":"https:\/\/oms14.fr\/index.php?rest_route=%2Fwp%2Fv2%2Fmedia&parent=6886"}],"wp:term":[{"taxonomy":"category","embeddable":true,"href":"https:\/\/oms14.fr\/index.php?rest_route=%2Fwp%2Fv2%2Fcategories&post=6886"},{"taxonomy":"post_tag","embeddable":true,"href":"https:\/\/oms14.fr\/index.php?rest_route=%2Fwp%2Fv2%2Ftags&post=6886"}],"curies":[{"name":"wp","href":"https:\/\/api.w.org\/{rel}","templated":true}]}}