
{"id":7117,"date":"2021-07-04T10:52:18","date_gmt":"2021-07-04T08:52:18","guid":{"rendered":"https:\/\/oms14.fr\/?p=7117"},"modified":"2021-07-04T10:52:19","modified_gmt":"2021-07-04T08:52:19","slug":"papport-moral-2020-oms-14","status":"publish","type":"post","link":"https:\/\/oms14.fr\/?p=7117","title":{"rendered":"PAPPORT MORAL 2020 OMS 14"},"content":{"rendered":"\n<p>PAPPORT MORAL 2020 OMS 14<\/p>\n\n\n\n<p>Mon message de ce jour ne peut pas ne pas refl\u00e9ter nos inqui\u00e9tudes mais il se veut avant tout &nbsp;porteur d\u2019espoir et l\u2019expression de tout le dynamisme et de la d\u00e9termination que l\u2019ensemble de ceux qui oeuvrent au service du sport portent en eux.<\/p>\n\n\n\n<p>Ce rapport moral ne s\u2019arr\u00eatera pas \u00e0 la seule ann\u00e9e 2020 mais a surtout pour vocation d\u2019\u00e9voquer l\u2019ensemble de cette p\u00e9riode tr\u00e8s particuli\u00e8re.<\/p>\n\n\n\n<p>Nous sommes avant tout heureux &nbsp;de commencer \u00e0 revivre et de nous retrouver enfin physiquement &nbsp;apr\u00e8s deux ans d\u2019une disette, que nous esp\u00e9rons vraiment derni\u00e8re nous, &nbsp;dans cette belle salle des mariages de la mairie du 14, qui nous y accueille chaque ann\u00e9e. Nous comptons bien y reprendre d\u00e8s l\u2019an prochain notre traditionnelle c\u00e9r\u00e9monie des m\u00e9dailles et y retrouver la foule nombreuse qui s\u2019y presse. Elle nous est pr\u00e9cieuse parce qu\u2019elle est le symbole du travail de fond men\u00e9 par les clubs &nbsp;et &nbsp;sera l\u2019occasion id\u00e9ale de t\u00e9moigner du besoin des habitants de notre arrondissement de renouer avec l\u2019activit\u00e9 sportive, dont ils n\u2019ont que trop soufferts d\u2019\u00eatre priv\u00e9s.<\/p>\n\n\n\n<p>Nos associations seront h\u00e9las moins nombreuses pour se r\u00e9jouir de cette libert\u00e9 d\u2019action qui reprend corps peu \u00e0 peu.<\/p>\n\n\n\n<p>Nous n\u2019en sommes pas encore \u00e0 l\u2019heure du bilan, mais nous savons d\u00e9j\u00e0 que certains clubs ont disparu et que d\u2019autres auront besoin de temps pour retrouver un niveau acceptable d\u2019activit\u00e9.<\/p>\n\n\n\n<p>Nous ne pouvons \u00e0 cet \u00e9gard que regretter qu\u2019apr\u00e8s la majoration COVID exceptionnelle de 25% du niveau des subventions allou\u00e9es par la Ville, accord\u00e9e l\u2019ann\u00e9e \u00e9coul\u00e9e, que nous avions applaudie a grand cri, ce soit le chemin inverse qui ait \u00e9t\u00e9, au moins partiellement, pris en 2021, \u00e0 contre-courant de nos attentes et de nos actions de reconstruction.<\/p>\n\n\n\n<p>Nul d\u2019entre nous n\u2019y \u00e9tait pr\u00e9par\u00e9 et cela nous laisse &nbsp;quelque peu d\u00e9sempar\u00e9s et interrogatifs quant \u00e0 l\u2019attention port\u00e9e par la Mairie centrale au sport de proximit\u00e9.&nbsp;<\/p>\n\n\n\n<p>Le r\u00f4le de chacun d\u2019entre nous est pourtant primordial \u00e0 la sant\u00e9 des citoyens et au maintien d\u2019un lien social de plus en plus en p\u00e9ril. &nbsp;La perspective de Paris 2024 est pourtant une p\u00e9riode privil\u00e9gi\u00e9e de relance de l\u2019\u00e9lan sportif et devrait en priorit\u00e9 promouvoir le &nbsp;r\u00f4le primordial des clubs qui &nbsp;sont le naturel vivier de tous ces champions que nous serons l\u00e0 pour f\u00eater.<\/p>\n\n\n\n<p>Nous aurions aussi aim\u00e9 que l\u2019on fasse un effort sp\u00e9cifique en faveur de ceux qui ont le plus souffert parce qu\u2019ils n\u2019utilisaient pas les installations sportives de la ville, que nous lui savons gr\u00e9 de ne pas avoir factur\u00e9es, &nbsp;ou qu\u2019ils n\u2019ont pu b\u00e9n\u00e9ficier des mesures de ch\u00f4mage r\u00e9serv\u00e9es aux seuls salari\u00e9s.<\/p>\n\n\n\n<p>Permettez-moi de le regretter.<\/p>\n\n\n\n<p>Nous sommes tous conscients en tout cas que l\u2019appareil sportif est dans sa globalit\u00e9 grandement fragilis\u00e9 et qu\u2019il a bien besoin qu\u2019on le soutienne.<\/p>\n\n\n\n<p>A l\u2019OMS 14, nous ne pouvons qu\u2019\u00eatre heureux d\u2019avoir d\u00e9pass\u00e9 en 2020 la centaine de membres et remercions nos membres de leur confiance.<\/p>\n\n\n\n<p>Mais nous savons sait bien que la confiance se m\u00e9rite et que nous sommes l\u00e0 avant tout pour &nbsp;r\u00e9pondre \u00e0 vos attentes.<\/p>\n\n\n\n<p>Nous avons \u00e9tabli de longue date dans cet arrondissement &nbsp;des rapports constructifs avec nos \u00e9diles et entendons tout faire pour qu\u2019ils se poursuivent.<\/p>\n\n\n\n<p>Nous voulons leur dire que comptons sur eux pour que nos messages soient mieux entendus et que des moyens soient vraiment mis en face pour mieux r\u00e9pondre aux attentes de nos clubs, comme celles des citoyens qu\u2019ils sont l\u00e0 pour servir.<\/p>\n\n\n\n<p>Nous avons bien s\u00fbr appr\u00e9ci\u00e9 les r\u00e9unions organis\u00e9es par la mairie du 14 avec les clubs et l\u2019OMS 14 &nbsp;s\u2019y est au premier plan impliqu\u00e9e, en regrettant toutefois qu\u2019il n\u2019ait pas vraiment \u00e9t\u00e9 possible de d\u00e9boucher sur des avanc\u00e9es tr\u00e8s concr\u00e8tes, dans un contexte particuli\u00e8rement contraint tant au plan de la pratique sportive que des moyens disponibles. La volont\u00e9 d\u2019\u00e9coute \u00e9tait en tout cas manifeste et les participants ont appr\u00e9ci\u00e9 la qualit\u00e9 des \u00e9changes, qui se sont d\u2019ailleurs souvent individuellement poursuivis avec notre OMS.<\/p>\n\n\n\n<p>M\u00eame s\u2019il n\u2019a pas vraiment servi, contrairement \u00e0 ce que nous avions au pr\u00e9alable ambitionn\u00e9, \u00e0 servir d\u2019appui pour les dossiers de demande d\u2019assistance des clubs les plus en difficult\u00e9, le questionnaire \u00e9labor\u00e9 en liaison avec le Comit\u00e9 des OMS de Paris a rencontr\u00e9 l\u2019adh\u00e9sion de nos clubs \u00e0 une approche collective et t\u00e9moign\u00e9 de leur r\u00e9elle volont\u00e9 de partage, avec un taux de r\u00e9ponse de plus des deux tiers.<\/p>\n\n\n\n<p>Il a aussi servi de tremplin \u00e0 l\u2019organisation sur quatre dimanches apr\u00e8s-midi d\u2019une rencontre de d\u00e9monstration et d\u2019initiation aux nombreux sports enseign\u00e9s dans notre arrondissement, en y incluant une important volet handicap, \u00e0 laquelle une soixantaine de clubs ont particip\u00e9.<\/p>\n\n\n\n<p>Le public n\u2019\u00e9tait pas toujours au rendez-vous mais tous ont accept\u00e9 de s\u2019y investir alors qu\u2019ils avaient d\u2019abord \u00e0 s\u2019investir dans la reprise de leur activit\u00e9 et ils ont collectivement communi\u00e9 dans l\u2019enthousiasme de leur attachement \u00e0 leur mission sportive.<\/p>\n\n\n\n<p>J\u2019en suis personnellement ressorti tr\u00e8s ragaillardi et veux ici les en f\u00e9liciter.<\/p>\n\n\n\n<p>Peut-\u00eatre cela trouvera son prolongement dans le Village sportif d\u2019\u00e9t\u00e9 du 5 juillet au 7 ao\u00fbt organis\u00e9 par la Mairie et la DJS \u00e0 Jules No\u00ebl, auquel j\u2019incite tous eux qui le peuvent \u00e0 participer.<\/p>\n\n\n\n<p>Je ne voudrais pas terminer cette intervention sans \u00e9voquer plus sp\u00e9cifiquement nos attentes, et nos volont\u00e9s d\u2019action, qui s\u2019articulent essentiellement sur trois axes&nbsp;:<\/p>\n\n\n\n<p><strong>Am\u00e9liorer la qualit\u00e9 des installations<\/strong>&nbsp;:Accroitre les efforts en mati\u00e8re d\u2019accessibilit\u00e9<\/p>\n\n\n\n<p>&nbsp;&nbsp;&nbsp;&nbsp;&nbsp;&nbsp;&nbsp;&nbsp;&nbsp;&nbsp;&nbsp;&nbsp;&nbsp;&nbsp;&nbsp;&nbsp; Relancer les actions indispensables au plan s\u00e9curit\u00e9<\/p>\n\n\n\n<p><strong>Diversifier les espaces disponibles<\/strong>&nbsp;:&nbsp;&nbsp; Rendre utilisables \u00e0 tous moments les terrains d&rsquo;\u00e9ducation physique (TEP)&nbsp;par des couvertures amovibles<\/p>\n\n\n\n<p><strong>&nbsp;&nbsp;&nbsp;&nbsp;&nbsp;&nbsp;&nbsp;&nbsp;&nbsp;&nbsp;&nbsp;&nbsp;&nbsp;&nbsp;&nbsp;&nbsp;&nbsp;&nbsp;&nbsp;&nbsp;&nbsp;&nbsp;&nbsp;&nbsp;&nbsp;&nbsp;&nbsp;&nbsp;&nbsp;&nbsp;&nbsp;&nbsp;&nbsp;&nbsp;&nbsp;&nbsp;&nbsp;&nbsp;&nbsp;&nbsp;&nbsp;&nbsp;&nbsp;&nbsp;&nbsp;&nbsp;&nbsp;&nbsp;&nbsp;&nbsp;&nbsp;&nbsp;&nbsp;&nbsp;&nbsp;&nbsp;&nbsp;&nbsp;&nbsp;&nbsp;&nbsp; <\/strong>Elargir le nombre d\u2019espaces utilisables en coop\u00e9ration notamment avec les \u00e9tablissements scolaire<\/p>\n\n\n\n<p>&nbsp;&nbsp;&nbsp;&nbsp;&nbsp;&nbsp;&nbsp;&nbsp;&nbsp;&nbsp;&nbsp;&nbsp;&nbsp;&nbsp;&nbsp;&nbsp; Relancer le dossier Poste-Immo Boulevard Brune<\/p>\n\n\n\n<p><strong>D\u00e9velopper nos actions vers les plus fragiles&nbsp;: <\/strong>Sport Sant\u00e9, handicap et appui citoyen avec l\u2019accroissement de l\u2019aide aux devoirs par exemple<\/p>\n\n\n\n<p>Nous sommes persuad\u00e9s qu\u2019avec un peu d\u2019assistance, beaucoup de confiance&nbsp; et une volont\u00e9 commune nous saurons ensemble avancer sur chacun de ces points, en faisant ce qu\u2019il faut, dans le respect bien compris d\u2019une n\u00e9cessaire prudence, pour que l\u2019activit\u00e9 des clubs sportifs soit enfin plus largement accessible pour le plus grand bien de la sant\u00e9 de nos concitoyens.<\/p>\n\n\n\n<p>Variant ou pas notre d\u00e9termination restera invariable&nbsp;!<\/p>\n\n\n\n<p>Fran\u00e7ois DENIS<\/p>\n\n\n\n<p>Pr\u00e9sident de l\u2019OMS 14<\/p>\n","protected":false},"excerpt":{"rendered":"<p>PAPPORT MORAL 2020 OMS 14 Mon message de ce jour ne peut pas ne pas refl\u00e9ter nos inqui\u00e9tudes mais il se veut avant tout &nbsp;porteur d\u2019espoir et l\u2019expression de tout le dynamisme et de la d\u00e9termination que l\u2019ensemble de ceux<\/p>\n","protected":false},"author":3,"featured_media":0,"comment_status":"closed","ping_status":"closed","sticky":false,"template":"","format":"standard","meta":{"footnotes":""},"categories":[1],"tags":[],"class_list":["post-7117","post","type-post","status-publish","format-standard","hentry","category-oms14"],"_links":{"self":[{"href":"https:\/\/oms14.fr\/index.php?rest_route=\/wp\/v2\/posts\/7117","targetHints":{"allow":["GET"]}}],"collection":[{"href":"https:\/\/oms14.fr\/index.php?rest_route=\/wp\/v2\/posts"}],"about":[{"href":"https:\/\/oms14.fr\/index.php?rest_route=\/wp\/v2\/types\/post"}],"author":[{"embeddable":true,"href":"https:\/\/oms14.fr\/index.php?rest_route=\/wp\/v2\/users\/3"}],"replies":[{"embeddable":true,"href":"https:\/\/oms14.fr\/index.php?rest_route=%2Fwp%2Fv2%2Fcomments&post=7117"}],"version-history":[{"count":1,"href":"https:\/\/oms14.fr\/index.php?rest_route=\/wp\/v2\/posts\/7117\/revisions"}],"predecessor-version":[{"id":7119,"href":"https:\/\/oms14.fr\/index.php?rest_route=\/wp\/v2\/posts\/7117\/revisions\/7119"}],"wp:attachment":[{"href":"https:\/\/oms14.fr\/index.php?rest_route=%2Fwp%2Fv2%2Fmedia&parent=7117"}],"wp:term":[{"taxonomy":"category","embeddable":true,"href":"https:\/\/oms14.fr\/index.php?rest_route=%2Fwp%2Fv2%2Fcategories&post=7117"},{"taxonomy":"post_tag","embeddable":true,"href":"https:\/\/oms14.fr\/index.php?rest_route=%2Fwp%2Fv2%2Ftags&post=7117"}],"curies":[{"name":"wp","href":"https:\/\/api.w.org\/{rel}","templated":true}]}}