
{"id":7613,"date":"2022-10-10T16:19:40","date_gmt":"2022-10-10T14:19:40","guid":{"rendered":"https:\/\/oms14.fr\/?p=7613"},"modified":"2022-10-10T16:23:15","modified_gmt":"2022-10-10T14:23:15","slug":"7613","status":"publish","type":"post","link":"https:\/\/oms14.fr\/?p=7613","title":{"rendered":"ARMORIQUE VACANCES"},"content":{"rendered":"\n<figure class=\"wp-block-image size-large is-resized\"><a href=\"https:\/\/oms14.fr\/blog\/wp-content\/uploads\/2022\/10\/Affiche-Vacances-Loisirs-oct-2022-scaled.jpg\"><img loading=\"lazy\" decoding=\"async\" src=\"https:\/\/oms14.fr\/blog\/wp-content\/uploads\/2022\/10\/Affiche-Vacances-Loisirs-oct-2022-724x1024.jpg\" alt=\"\" class=\"wp-image-7614\" width=\"732\" height=\"1035\" srcset=\"https:\/\/oms14.fr\/blog\/wp-content\/uploads\/2022\/10\/Affiche-Vacances-Loisirs-oct-2022-724x1024.jpg 724w, https:\/\/oms14.fr\/blog\/wp-content\/uploads\/2022\/10\/Affiche-Vacances-Loisirs-oct-2022-212x300.jpg 212w, https:\/\/oms14.fr\/blog\/wp-content\/uploads\/2022\/10\/Affiche-Vacances-Loisirs-oct-2022-768x1086.jpg 768w, https:\/\/oms14.fr\/blog\/wp-content\/uploads\/2022\/10\/Affiche-Vacances-Loisirs-oct-2022-1086x1536.jpg 1086w, https:\/\/oms14.fr\/blog\/wp-content\/uploads\/2022\/10\/Affiche-Vacances-Loisirs-oct-2022-1448x2048.jpg 1448w, https:\/\/oms14.fr\/blog\/wp-content\/uploads\/2022\/10\/Affiche-Vacances-Loisirs-oct-2022-scaled.jpg 1810w\" sizes=\"auto, (max-width: 732px) 100vw, 732px\" \/><\/a><\/figure>\n\n\n\n<p>L&rsquo;Armorique lance sa 1\u00e8re \u00e9dition des Vacances Loisirs !<\/p>\n\n\n\n<p>Qu&rsquo;est-ce donc?<br>Un&nbsp;<strong>moyen ludique d\u2019occuper vos enfants<\/strong>&nbsp;<strong>pendant les vacances<\/strong>&nbsp;\u00e0 la journ\u00e9e ou demi-journ\u00e9e avec de nombreuses activit\u00e9s et sorties afin de leur faire passer de bonnes vacances ensemble.<br><br>Au programme:<br>Le matin sera principalement des jeux sportifs et des activit\u00e9s manuelles, au choix selon le d\u00e9sir des enfants. Nos deux animateurs du mercredi loisirs Denis (\u00e9galement professeur de judo et de gym \u00e0 l&rsquo;Armorique) et Sirine (aussi professeur de gym \u00e0 l&rsquo;Armorique), essaieront de s&rsquo;adapter au mieux au groupe d&rsquo;enfants et \u00e0 leurs envies.<br><br>L&rsquo;apr\u00e8s-midi sera consacr\u00e9e \u00e0 des sorties dans Paris: Bowling, Patinoire, Cin\u00e9ma, Grands jeux, Tour Eiffel etc<br><br>Nous avons \u00e9galement pr\u00e9vu 2 journ\u00e9es compl\u00e8tes, le vendredi 28\/10 au ch\u00e2teau de Versailles et le Lundi 31\/10 au Zoo de Vincennes avec une journ\u00e9e sp\u00e9ciale Halloween (Les d\u00e9guisements seront tr\u00e8s attendus !)<br><br>R\u00e9partis sur les 2 semaines des&nbsp;<strong>vacances de Toussaint<\/strong>&nbsp;(du 24 octobre au 4 novembre), vous trouverez ci-joint au mail les programmes pr\u00e9cis concoct\u00e9s par nos soins (plannings modifiable selon impr\u00e9vus).<br><br>Le fonctionnement est tr\u00e8s similaire au mercredi loisirs (activit\u00e9 \u00e9galement lanc\u00e9e par l&rsquo;Armorique cette ann\u00e9e).<br><br>L&rsquo;organisation se fera comme ceci:<br>Vous nous d\u00e9posez les enfants au gymnase (Lieu en attente de d\u00e9cision de la mairie, mais dans le 14e) vers 9h et venez les r\u00e9cup\u00e9rer \u00e0 12h (si demi-journ\u00e9e sans repas), 13h (si demi-journ\u00e9e avec repas), ou 18h (si journ\u00e9e compl\u00e8te).<\/p>\n\n\n\n<p><strong>Pr\u00e9voir un pique-nique pour d\u00e9jeuner, un quatre heure et une carte Navigo.<\/strong><\/p>\n\n\n\n<p>Le tarif est de 35\u20ac la journ\u00e9e (de 9h \u00e0 18h), 25\u20ac l&rsquo;apr\u00e8s-midi et 10\u20ac le matin.<\/p>\n\n\n\n<p>&nbsp;Inscription par mail du 04\/10 au 17\/10, possibilit\u00e9 de s\u2019inscrire sur un ou plusieurs jours au choix (attention les places sont limit\u00e9es).<\/p>\n\n\n\n<p>\u00a0<strong>Cette activit\u00e9 n\u2019est pas uniquement r\u00e9serv\u00e9e aux enfants du club Armorique<\/strong>\u00a0mais bien \u00e0 tous les enfants entre 6 et 13 ans souhaitant participer. N\u2019h\u00e9sitez pas \u00e0 en parler aux amis de vos enfants.<br><br>Pour plus d&rsquo;informations vous pouvez me contacter par mail sur\u00a0<a rel=\"noreferrer noopener\" href=\"mailto:armoriquesports@free.fr\" target=\"_blank\">armoriquesports@free.fr<\/a>, ou me joindre au 06 63 14 08 64.<br><br>En esp\u00e9rant que cette nouvelle activit\u00e9 pendant les vacances vous plaise, nous serons ravis de vous accueillir aux Vacances Loisirs !<\/p>\n\n\n\n<figure class=\"wp-block-image size-large\"><a href=\"https:\/\/oms14.fr\/blog\/wp-content\/uploads\/2022\/10\/Planning-Vacances-Loisirs-Toussaint-2022-Semaine-1-scaled.jpg\"><img loading=\"lazy\" decoding=\"async\" width=\"1024\" height=\"724\" src=\"https:\/\/oms14.fr\/blog\/wp-content\/uploads\/2022\/10\/Planning-Vacances-Loisirs-Toussaint-2022-Semaine-1-1024x724.jpg\" alt=\"\" class=\"wp-image-7617\" srcset=\"https:\/\/oms14.fr\/blog\/wp-content\/uploads\/2022\/10\/Planning-Vacances-Loisirs-Toussaint-2022-Semaine-1-1024x724.jpg 1024w, https:\/\/oms14.fr\/blog\/wp-content\/uploads\/2022\/10\/Planning-Vacances-Loisirs-Toussaint-2022-Semaine-1-300x212.jpg 300w, https:\/\/oms14.fr\/blog\/wp-content\/uploads\/2022\/10\/Planning-Vacances-Loisirs-Toussaint-2022-Semaine-1-768x543.jpg 768w, https:\/\/oms14.fr\/blog\/wp-content\/uploads\/2022\/10\/Planning-Vacances-Loisirs-Toussaint-2022-Semaine-1-1536x1086.jpg 1536w, https:\/\/oms14.fr\/blog\/wp-content\/uploads\/2022\/10\/Planning-Vacances-Loisirs-Toussaint-2022-Semaine-1-2048x1448.jpg 2048w\" sizes=\"auto, (max-width: 1024px) 100vw, 1024px\" \/><\/a><\/figure>\n\n\n\n<figure class=\"wp-block-image size-large\"><a href=\"https:\/\/oms14.fr\/blog\/wp-content\/uploads\/2022\/10\/Planning-Vacances-Loisirs-Toussaint-2022-Semaine-2-scaled.jpg\"><img loading=\"lazy\" decoding=\"async\" width=\"1024\" height=\"724\" src=\"https:\/\/oms14.fr\/blog\/wp-content\/uploads\/2022\/10\/Planning-Vacances-Loisirs-Toussaint-2022-Semaine-2-1024x724.jpg\" alt=\"\" class=\"wp-image-7618\" srcset=\"https:\/\/oms14.fr\/blog\/wp-content\/uploads\/2022\/10\/Planning-Vacances-Loisirs-Toussaint-2022-Semaine-2-1024x724.jpg 1024w, https:\/\/oms14.fr\/blog\/wp-content\/uploads\/2022\/10\/Planning-Vacances-Loisirs-Toussaint-2022-Semaine-2-300x212.jpg 300w, https:\/\/oms14.fr\/blog\/wp-content\/uploads\/2022\/10\/Planning-Vacances-Loisirs-Toussaint-2022-Semaine-2-768x543.jpg 768w, https:\/\/oms14.fr\/blog\/wp-content\/uploads\/2022\/10\/Planning-Vacances-Loisirs-Toussaint-2022-Semaine-2-1536x1086.jpg 1536w, https:\/\/oms14.fr\/blog\/wp-content\/uploads\/2022\/10\/Planning-Vacances-Loisirs-Toussaint-2022-Semaine-2-2048x1448.jpg 2048w\" sizes=\"auto, (max-width: 1024px) 100vw, 1024px\" \/><\/a><\/figure>\n","protected":false},"excerpt":{"rendered":"<p>L&rsquo;Armorique lance sa 1\u00e8re \u00e9dition des Vacances Loisirs ! Qu&rsquo;est-ce donc?Un&nbsp;moyen ludique d\u2019occuper vos enfants&nbsp;pendant les vacances&nbsp;\u00e0 la journ\u00e9e ou demi-journ\u00e9e avec de nombreuses activit\u00e9s et sorties afin de leur faire passer de bonnes vacances ensemble. Au programme:Le matin sera<\/p>\n","protected":false},"author":3,"featured_media":0,"comment_status":"closed","ping_status":"closed","sticky":false,"template":"","format":"standard","meta":{"footnotes":""},"categories":[1],"tags":[],"class_list":["post-7613","post","type-post","status-publish","format-standard","hentry","category-oms14"],"_links":{"self":[{"href":"https:\/\/oms14.fr\/index.php?rest_route=\/wp\/v2\/posts\/7613","targetHints":{"allow":["GET"]}}],"collection":[{"href":"https:\/\/oms14.fr\/index.php?rest_route=\/wp\/v2\/posts"}],"about":[{"href":"https:\/\/oms14.fr\/index.php?rest_route=\/wp\/v2\/types\/post"}],"author":[{"embeddable":true,"href":"https:\/\/oms14.fr\/index.php?rest_route=\/wp\/v2\/users\/3"}],"replies":[{"embeddable":true,"href":"https:\/\/oms14.fr\/index.php?rest_route=%2Fwp%2Fv2%2Fcomments&post=7613"}],"version-history":[{"count":3,"href":"https:\/\/oms14.fr\/index.php?rest_route=\/wp\/v2\/posts\/7613\/revisions"}],"predecessor-version":[{"id":7620,"href":"https:\/\/oms14.fr\/index.php?rest_route=\/wp\/v2\/posts\/7613\/revisions\/7620"}],"wp:attachment":[{"href":"https:\/\/oms14.fr\/index.php?rest_route=%2Fwp%2Fv2%2Fmedia&parent=7613"}],"wp:term":[{"taxonomy":"category","embeddable":true,"href":"https:\/\/oms14.fr\/index.php?rest_route=%2Fwp%2Fv2%2Fcategories&post=7613"},{"taxonomy":"post_tag","embeddable":true,"href":"https:\/\/oms14.fr\/index.php?rest_route=%2Fwp%2Fv2%2Ftags&post=7613"}],"curies":[{"name":"wp","href":"https:\/\/api.w.org\/{rel}","templated":true}]}}