
{"id":8171,"date":"2025-02-08T08:19:30","date_gmt":"2025-02-08T07:19:30","guid":{"rendered":"https:\/\/oms14.fr\/?p=8171"},"modified":"2025-02-08T08:19:30","modified_gmt":"2025-02-08T07:19:30","slug":"10-km-du-14-3","status":"publish","type":"post","link":"https:\/\/oms14.fr\/?p=8171","title":{"rendered":"10 KM du 14"},"content":{"rendered":"\n<h1 class=\"wp-block-heading\">Les 10 km du 14e : 40 ans de course et de partage<\/h1>\n\n\n\n<p>10 km<\/p>\n\n\n\n<p>20\/01\/2025 14:46<\/p>\n\n\n\n<p><strong>Les&nbsp;<a href=\"https:\/\/www.finishers.com\/course\/10-km-du-14eme\" target=\"_blank\" rel=\"noreferrer noopener\">10 km du 14e&nbsp;<\/a>c\u00e9l\u00e9braient cette ann\u00e9e leur 40e \u00e9dition. Organis\u00e9e par l\u2019Office du Mouvement Sportif et la Mairie du 14e arrondissement de Paris, avec le soutien du club omnisports de la JAM, cette course embl\u00e9matique a ouvert la saison parisienne en rassemblant pr\u00e8s de 3000 coureurs sur la ligne de d\u00e9part<\/strong><\/p>\n\n\n\n<p>C\u2019est une tradition que r\u00e9it\u00e8re chaque ann\u00e9e Carine Petit, maire du 14e arrondissement. Elle \u00e9tait heureuse d\u2019\u00eatre pr\u00e9sente pour \u00ab<em><strong>&nbsp;accueillir et souhaiter un bon moment sportif et de comp\u00e9tition<\/strong><\/em>&nbsp;\u00bb aux coureurs. C\u2019est \u00ab&nbsp;<em>un \u00e9v\u00e9nement vivant qui permet de se lancer pour les amateurs de course mais pas que\u2026 Elle est un vrai rendez-vous sportif, populaire, familial, amical<\/em>&nbsp;\u00bb.<br><br>Cette ann\u00e9e, la course est remport\u00e9e par deux traileurs,&nbsp;<strong>Jann Gutermann&nbsp;<\/strong>et&nbsp;<strong>Marie Laplace<\/strong>, respectivement en<strong>&nbsp;30\u201951<\/strong>&nbsp;et&nbsp;<strong>37\u201922<\/strong>, tous les deux pr\u00e9sents pour \u00ab<em>&nbsp;une petite mise en bouche<\/em>&nbsp;\u00bb, et travailler leur vitesse avant de repartir sur trail au printemps. Leurs prochaines \u00e9ch\u00e9ances : pour l\u2019un, L\u2019Ultra de Madeire et pour l\u2019autre, La Trace des Maquisards dans l\u2019Ain. Marie remercie tous les gens qui la r\u00e9chauffaient par leurs encouragements \u00ab<strong><em>&nbsp;de feu&nbsp;<\/em><\/strong>\u00bb, car elle a vraiment subi le froid glacial de cette matin\u00e9e de janvier.<\/p>\n\n\n\n<figure class=\"wp-block-image\"><img decoding=\"async\" src=\"https:\/\/www.marathons.com\/wp-content\/uploads\/PHO02694-Enhanced-NR-min-edited-scaled.jpg\" alt=\"\" class=\"wp-image-5772\"\/><figcaption class=\"wp-element-caption\">\u00a9 Kenzo Mabeno<\/figcaption><\/figure>\n\n\n\n<h2 class=\"wp-block-heading\">Une course conviviale au sud de Paris<\/h2>\n\n\n\n<p>L\u2019int\u00e9r\u00eat de cette course est sa proximit\u00e9 de quartier. Le parcours, qui s\u2019\u00e9tend sur&nbsp;<strong>deux boucles de&nbsp;<a href=\"https:\/\/www.marathons.com\/calendrier\/calendrier-des-5-km\/\">5 km,<\/a><\/strong>&nbsp;permet de sillonner des rues connues aux alentours de la mairie du 14e. Une grande partie des coureurs et des supporters n\u2019ont pas eu \u00e0 trop s\u2019\u00e9loigner de chez eux. C\u2019est le cas d\u2019Aude, venue en famille supporter \u00ab<em>&nbsp;<strong>des copains de l\u2019\u00e9cole, du quartier&nbsp;<\/strong><\/em>\u00bb, qui aime encourager en criant le pr\u00e9nom du coureur concern\u00e9. Elle se dit ravie d\u2019\u00eatre ici : \u00ab<em>&nbsp;On adore, on donne et on voit bien que sur le dernier virage, c\u2019est hyper important pour eux.<\/em>&nbsp;\u00bb Hugo est content, \u00ab&nbsp;<em>un peu nostalgique&nbsp;<\/em>\u00bb de retrouver son ancien quartier pour sa premi\u00e8re participation \u00e0 la course avec ses amis, r\u00e9sidents dans les environs. Fadila, qui r\u00e9alise son record personnel en 45\u201924, t\u00e9moigne \u00ab&nbsp;<em>d\u2019une portion du parcours tr\u00e8s agr\u00e9able car pass\u00e9 Montparnasse, c\u2019est tout droit, tout plat<\/em>&nbsp;\u00bb et surtout, cette parisienne du 14e, raconte \u00e0 quel point \u00ab&nbsp;<em>c\u2019est super d\u2019\u00eatre reconnue par des gens du quartier, de croiser des gens qu\u2019on conna\u00eet pendant la course<\/em>&nbsp;\u00bb. C\u2019est la \u00ab<em>&nbsp;<\/em><strong><em>course de la maison&nbsp;<\/em><\/strong>\u00bb pour Hailey. \u00ab&nbsp;<em>J\u2019ai crois\u00e9 une voisine avant et pendant la course, quelques commer\u00e7ants qui nous voient dans un autre contexte<\/em>&nbsp;\u00bb. Carla habite \u00e0 quelques minutes du d\u00e9part, \u00ab&nbsp;<em>au niveau d\u2019Al\u00e9sia&nbsp;<\/em>\u00bb. \u00ab<em>&nbsp;Je trouve \u00e7a tr\u00e8s agr\u00e9able de reconnaitre des endroits dans lesquels&nbsp;on vit tout le temps&nbsp;et de d\u00e9couvrir d\u2019autres petites rues.&nbsp;<\/em>\u00bb<br><br>Elle fait partie d\u2019un groupe de six \u00e0 s\u2019\u00e9lancer sur la course, dont 5 vivent dans cet arrondissement. Ce sont les cousins de Carla qui leur ont conseill\u00e9 de s\u2019inscrire, et Carla et son amie Margaux sont pr\u00eates, m\u00eame si elles&nbsp;<strong>en doutent en riant<\/strong>. Sous les cris des supporters, tous d\u00e9termin\u00e9s \u00e0 venir encourager les participants, et parfois m\u00eame, influenc\u00e9s pour en \u00eatre l\u2019ann\u00e9e prochaine, Carla finit son 10 km en souriant.&nbsp;<strong>Fran\u00e7ois Denis,<\/strong>&nbsp;pr\u00e9sident de l\u2019OMS14, souligne l\u2019avantage du caract\u00e8re local de la course, d\u2019o\u00f9 sa volont\u00e9 de conserver le parcours et son h\u00e9sitation vis-\u00e0-vis d\u2019un \u00e9ventuel changement \u00e0 venir. Cet \u00e9v\u00e9nement&nbsp;<strong>prend de l\u2019ampleur,&nbsp;<\/strong>et la question se pose entre l\u2019OMS14, la mairie et Son plus, le prestataire \u00e9v\u00e9nementiel, de transformer les deux boucles de 5 km en une seule de 10 km pour accueillir davantage de participants, \u00ab&nbsp;<em><strong>toujours dans des conditions exceptionnelles&nbsp;<\/strong><\/em>\u00bb.<\/p>\n\n\n\n<p>\u00ab&nbsp;<em>J\u2019ai crois\u00e9 une voisine avant et pendant la course, quelques commer\u00e7ants qui nous voient dans un autre contexte<\/em>&nbsp;\u00bb.<\/p>\n\n\n\n<p>Hailey, finisher<\/p>\n\n\n\n<figure class=\"wp-block-image\"><img decoding=\"async\" src=\"https:\/\/www.marathons.com\/wp-content\/uploads\/PHO02320-Enhanced-NR-min-edited.jpg\" alt=\"\" class=\"wp-image-5769\"\/><figcaption class=\"wp-element-caption\">\u00a9 Kenzo Mabeno<\/figcaption><\/figure>\n\n\n\n<h2 class=\"wp-block-heading\"><strong>Un \u00e9v\u00e9nement inclusif au c\u0153ur du 14e<\/strong><\/h2>\n\n\n\n<p>Au coeur du 14e, cette course est aussi un \u00e9v\u00e9nement incontournable&nbsp;<strong>dans le monde du handisport<\/strong>. Elle est l\u2019une des seules courses adapt\u00e9es permettant aux personnes malvoyantes de performer dans des conditions appropri\u00e9es.&nbsp;<strong>Carine Petit&nbsp;<\/strong>est fi\u00e8re du \u00ab&nbsp;<em>fait qu\u2019on r\u00e9serve un temps et une organisation pour le handisport&nbsp;<\/em>\u00bb, tout comme Fran\u00e7ois Denis, membre du comit\u00e9 local du handicap, et ses coll\u00e8gues organisateurs, essaient \u00ab&nbsp;<em>surtout de permettre aux personnes handicap\u00e9es de pratiquer le sport avec d\u2019autres, quelque soient leurs contraintes \u00e9ventuelles<\/em>&nbsp;\u00bb. La maire ajoute que \u00ab&nbsp;<em>c\u2019est une valeur ajout\u00e9e alors que \u00e7a devrait \u00eatre normal. Elle est historique, parce que ceux qui ont cr\u00e9\u00e9 cette course sont tr\u00e8s engag\u00e9s depuis 40 ans sur les questions du handisport&nbsp;<\/em>\u00bb.&nbsp;<strong>Cet engagement<\/strong>&nbsp;des organisateurs donne de la visibilit\u00e9 aux coureurs handisports comme&nbsp;<strong>rarement ailleurs<\/strong>.<\/p>\n\n\n\n<p>\u00ab&nbsp;<em>C\u2019est plus facile de se faire d\u00e9passer, plut\u00f4t que d\u2019\u00eatre au milieu d\u2019une foule.<\/em>&nbsp;\u00bb<\/p>\n\n\n\n<p><strong>Hailey<\/strong>, guide handisport<\/p>\n\n\n\n<h2 class=\"wp-block-heading\"><strong>Un d\u00e9part adapt\u00e9 pour les malvoyants : courir en toute s\u00e9r\u00e9nit\u00e9<\/strong><\/h2>\n\n\n\n<p><strong>Oumar<\/strong>, un athl\u00e8te malvoyant de la section handisport de la JAM, s\u2019appr\u00eate \u00e0 courir cette course&nbsp;<strong>pour la troisi\u00e8me fois<\/strong>. C\u2019est la seule \u00e0 laquelle il participe, car il ne&nbsp; trouve pas d\u2019autres courses avec une organisation optimale. En effet, les personnes malvoyantes et leurs guides ont la possibilit\u00e9 de partir quelques minutes avant le d\u00e9part des valides, ce qui ne se fait pas habituellement. Pourtant, c\u2019est primordial pour permettre aux coureurs malvoyants de s\u2019exprimer compl\u00e8tement sur le b\u00e9ton. Oumar pr\u00e9cise que \u00ab&nbsp;<em>\u00c7a permet d\u2019avoir des rep\u00e8res, de se mettre dans le bain en \u00e9vitant des bousculades&nbsp;<\/em>\u00bb.&nbsp;<strong>Lila<\/strong>, sa guide, avec qui il s\u2019est entrain\u00e9 \u00e0 plusieurs reprises, approuve en disant que \u00ab&nbsp;souvent, au d\u00e9part des courses, il y a plein de monde et c\u2019est compliqu\u00e9 pour guider et pour se faufiler en tenant un lien \u00e0 deux&nbsp;\u00bb.&nbsp;&nbsp;<strong>Hailey<\/strong>, guide de&nbsp;<strong>Marie-Jeanne&nbsp;<\/strong>sur la course cette ann\u00e9e et l\u2019ann\u00e9e pass\u00e9e, rejoint les propos de Lila : \u00ab&nbsp;<em>C\u2019est plus facile de se faire d\u00e9passer, plut\u00f4t que d\u2019\u00eatre au milieu d\u2019une foule.<\/em>&nbsp;\u00bb<\/p>\n\n\n\n<h2 class=\"wp-block-heading\"><strong>Des b\u00e9n\u00e9voles engag\u00e9s au service des coureurs, au c\u0153ur de l\u2019action<\/strong><\/h2>\n\n\n\n<p>Le bon d\u00e9roulement de la course n\u2019existerait pas sans&nbsp;<strong>l\u2019engagement des b\u00e9n\u00e9voles.<\/strong>&nbsp;La plupart d\u2019entre eux sont des habitu\u00e9s, \u00ab&nbsp;<em>et maintenant, ils vieillissent un peu<\/em>&nbsp;\u00bb. En g\u00e9n\u00e9ral, \u00ab&nbsp;ce sont des gens qui ont une attache avec cet arrondissement&nbsp;\u00bb. Cependant, d\u2019autres, comme&nbsp;<strong>Jina,<\/strong>&nbsp;retrait\u00e9e, venue sp\u00e9cialement du 93, et&nbsp;<strong>Marly<\/strong>, lev\u00e9e \u00e0 5h, n\u2019ont pas juste \u00e0 descendre les escaliers de leurs immeubles pour \u00eatre \u00e0 leurs postes. Elles viennent de loin pour assurer la s\u00e9curit\u00e9 des coureurs, mais elles ont plaisir \u00e0 \u00eatre l\u00e0, \u00ab&nbsp;<em><strong>\u00e0 \u00eatre actrices au coeur de l\u2019action<\/strong><\/em>&nbsp;\u00bb. Pour Marly, \u00ab&nbsp;<em>c\u2019est une mani\u00e8re de participer&nbsp;m\u00eame si on a parfois&nbsp;<strong>des limites physiques&nbsp;<\/strong><\/em>\u00bb.<\/p>\n\n\n\n<p><mark><strong>Les 10 km du 14e sont \u00e0 retrouver l\u2019ann\u00e9e prochaine, m\u00eame p\u00e9riode et m\u00eame lieu, avec des b\u00e9n\u00e9voles motiv\u00e9s du quartier et d\u2019ailleurs, ainsi que des supporters \u00ab&nbsp;<em>on fire&nbsp;<\/em>\u00bb !<\/strong><\/mark><\/p>\n","protected":false},"excerpt":{"rendered":"<p>Les 10 km du 14e : 40 ans de course et de partage 10 km 20\/01\/2025 14:46 Les&nbsp;10 km du 14e&nbsp;c\u00e9l\u00e9braient cette ann\u00e9e leur 40e \u00e9dition. Organis\u00e9e par l\u2019Office du Mouvement Sportif et la Mairie du 14e arrondissement de Paris,<\/p>\n","protected":false},"author":3,"featured_media":0,"comment_status":"closed","ping_status":"closed","sticky":false,"template":"","format":"standard","meta":{"footnotes":""},"categories":[1],"tags":[],"class_list":["post-8171","post","type-post","status-publish","format-standard","hentry","category-oms14"],"_links":{"self":[{"href":"https:\/\/oms14.fr\/index.php?rest_route=\/wp\/v2\/posts\/8171","targetHints":{"allow":["GET"]}}],"collection":[{"href":"https:\/\/oms14.fr\/index.php?rest_route=\/wp\/v2\/posts"}],"about":[{"href":"https:\/\/oms14.fr\/index.php?rest_route=\/wp\/v2\/types\/post"}],"author":[{"embeddable":true,"href":"https:\/\/oms14.fr\/index.php?rest_route=\/wp\/v2\/users\/3"}],"replies":[{"embeddable":true,"href":"https:\/\/oms14.fr\/index.php?rest_route=%2Fwp%2Fv2%2Fcomments&post=8171"}],"version-history":[{"count":1,"href":"https:\/\/oms14.fr\/index.php?rest_route=\/wp\/v2\/posts\/8171\/revisions"}],"predecessor-version":[{"id":8172,"href":"https:\/\/oms14.fr\/index.php?rest_route=\/wp\/v2\/posts\/8171\/revisions\/8172"}],"wp:attachment":[{"href":"https:\/\/oms14.fr\/index.php?rest_route=%2Fwp%2Fv2%2Fmedia&parent=8171"}],"wp:term":[{"taxonomy":"category","embeddable":true,"href":"https:\/\/oms14.fr\/index.php?rest_route=%2Fwp%2Fv2%2Fcategories&post=8171"},{"taxonomy":"post_tag","embeddable":true,"href":"https:\/\/oms14.fr\/index.php?rest_route=%2Fwp%2Fv2%2Ftags&post=8171"}],"curies":[{"name":"wp","href":"https:\/\/api.w.org\/{rel}","templated":true}]}}