
{"id":8249,"date":"2025-07-01T09:18:27","date_gmt":"2025-07-01T07:18:27","guid":{"rendered":"https:\/\/oms14.fr\/?p=8249"},"modified":"2025-07-01T09:18:27","modified_gmt":"2025-07-01T07:18:27","slug":"temps-danse-14","status":"publish","type":"post","link":"https:\/\/oms14.fr\/?p=8249","title":{"rendered":"TEMPS DANSE 14"},"content":{"rendered":"\n<p>Nous vous informons que nous proposons cette semaine des stages d\u00e9couvertes gratuits , ouverts \u00e0 tous, sans inscription pr\u00e9alable.<\/p>\n\n\n\n<figure class=\"wp-block-embed is-type-wp-embed is-provider-temps-039-danse-14 wp-block-embed-temps-039-danse-14\"><div class=\"wp-block-embed__wrapper\">\n<blockquote class=\"wp-embedded-content\" data-secret=\"IcRNuoGahn\"><a href=\"https:\/\/www.tempsdanse14.fr\/stages-decouvertes-gratuits\/\">Semaine du 30\/6\/2025 : stages d\u00e9couvertes gratuits<\/a><\/blockquote><iframe loading=\"lazy\" class=\"wp-embedded-content\" sandbox=\"allow-scripts\" security=\"restricted\" style=\"position: absolute; visibility: hidden;\" title=\"\u00ab\u00a0Semaine du 30\/6\/2025 : stages d\u00e9couvertes gratuits\u00a0\u00bb &#8212; Temps&#039;Danse14\" src=\"https:\/\/www.tempsdanse14.fr\/stages-decouvertes-gratuits\/embed\/#?secret=gtZHAB4Z1p#?secret=IcRNuoGahn\" data-secret=\"IcRNuoGahn\" width=\"600\" height=\"338\" frameborder=\"0\" marginwidth=\"0\" marginheight=\"0\" scrolling=\"no\"><\/iframe>\n<\/div><\/figure>\n\n\n\n<p>Semaine du 30 juin : stages d\u00e9couvertes gratuits avec Fay L et Laura P<\/p>\n\n\n\n<p>Mercredi 2 juillet : Stages de DANSE JAZZ avec Laura Pilas \u00e0 Rosa Parks<\/p>\n\n\n\n<ul class=\"wp-block-list\">\n<li>13H : stage pour les \u00e9l\u00e8ves de maternelle<\/li>\n\n\n\n<li>14H: stage pour les \u00e9l\u00e8ves du primaire<\/li>\n\n\n\n<li>15H: stage pour les \u00e9l\u00e8ves du coll\u00e8ge<\/li>\n<\/ul>\n\n\n\n<p>Jeudi 3 juillet : stage de DANSE MODERNE avec Fay Leonard \u00e0 Guilleminot<\/p>\n\n\n\n<ul class=\"wp-block-list\">\n<li>17H: stage pour les \u00e9l\u00e8ves du primaire 6\/8 ans<\/li>\n\n\n\n<li>18H: stage pour les \u00e9l\u00e8ves du primaire 9\/11 ans<\/li>\n<\/ul>\n\n\n\n<p>Samedi 5 juillet : Stages de danse avec Fay Leonard salle de danse Guilleminot<\/p>\n\n\n\n<ul class=\"wp-block-list\">\n<li>9H30-10H30: Eveil pour les 3\/5 ans n\u00e9s en 2022, 2021 , 2020<\/li>\n\n\n\n<li>10H30-11H30: Initiation pour les 5\/7 ans n\u00e9s en 2020, 2019, 2018<\/li>\n\n\n\n<li>11H30-12H30: DANSE MODERNE pour les 7\/9 ans n\u00e9s en 2018, 2017, 2016<\/li>\n<\/ul>\n\n\n\n<p>Samedi 5 juillet : Stages de DANSE JAZZ avec Laura Pilas \u00e0 Rosa Parks<\/p>\n\n\n\n<ul class=\"wp-block-list\">\n<li>13H : stage pour les \u00e9l\u00e8ves de primaire<\/li>\n\n\n\n<li>14H: stage pour les \u00e9l\u00e8ves du coll\u00e8ge<\/li>\n\n\n\n<li>15H15: stage pour les \u00e9l\u00e8ves du coll\u00e8ge<\/li>\n\n\n\n<li>16H30: stage pour les \u00e9l\u00e8ves du lyc\u00e9e<\/li>\n\n\n\n<li>17H45: stage pour les \u00e9tudiant-e-s et adultes<\/li>\n<\/ul>\n","protected":false},"excerpt":{"rendered":"<p>Nous vous informons que nous proposons cette semaine des stages d\u00e9couvertes gratuits , ouverts \u00e0 tous, sans inscription pr\u00e9alable. Semaine du 30 juin : stages d\u00e9couvertes gratuits avec Fay L et Laura P Mercredi 2 juillet : Stages de DANSE<\/p>\n","protected":false},"author":3,"featured_media":0,"comment_status":"closed","ping_status":"closed","sticky":false,"template":"","format":"standard","meta":{"footnotes":""},"categories":[1],"tags":[],"class_list":["post-8249","post","type-post","status-publish","format-standard","hentry","category-oms14"],"_links":{"self":[{"href":"https:\/\/oms14.fr\/index.php?rest_route=\/wp\/v2\/posts\/8249","targetHints":{"allow":["GET"]}}],"collection":[{"href":"https:\/\/oms14.fr\/index.php?rest_route=\/wp\/v2\/posts"}],"about":[{"href":"https:\/\/oms14.fr\/index.php?rest_route=\/wp\/v2\/types\/post"}],"author":[{"embeddable":true,"href":"https:\/\/oms14.fr\/index.php?rest_route=\/wp\/v2\/users\/3"}],"replies":[{"embeddable":true,"href":"https:\/\/oms14.fr\/index.php?rest_route=%2Fwp%2Fv2%2Fcomments&post=8249"}],"version-history":[{"count":1,"href":"https:\/\/oms14.fr\/index.php?rest_route=\/wp\/v2\/posts\/8249\/revisions"}],"predecessor-version":[{"id":8250,"href":"https:\/\/oms14.fr\/index.php?rest_route=\/wp\/v2\/posts\/8249\/revisions\/8250"}],"wp:attachment":[{"href":"https:\/\/oms14.fr\/index.php?rest_route=%2Fwp%2Fv2%2Fmedia&parent=8249"}],"wp:term":[{"taxonomy":"category","embeddable":true,"href":"https:\/\/oms14.fr\/index.php?rest_route=%2Fwp%2Fv2%2Fcategories&post=8249"},{"taxonomy":"post_tag","embeddable":true,"href":"https:\/\/oms14.fr\/index.php?rest_route=%2Fwp%2Fv2%2Ftags&post=8249"}],"curies":[{"name":"wp","href":"https:\/\/api.w.org\/{rel}","templated":true}]}}